{"id":521,"date":"2025-07-07T11:42:22","date_gmt":"2025-07-07T09:42:22","guid":{"rendered":"https:\/\/cpid09.fr\/pages\/?p=521"},"modified":"2025-07-07T11:42:39","modified_gmt":"2025-07-07T09:42:39","slug":"521","status":"publish","type":"post","link":"https:\/\/cpid09.fr\/pages\/index.php\/2025\/07\/07\/521\/","title":{"rendered":"Premier atelier de sensibilisation 12 juin 2025"},"content":{"rendered":"\n<p>&#8220;La pr\u00e9vention, \u00e7a ne s\u2019improvise pas !&#8221;<br><br>C\u2019est autour de cette conviction partag\u00e9e que s\u2019est tenu le 1er atelier de sensibilisation \u00e0 la pr\u00e9vention de la d\u00e9sinsertion et de l\u2019usure professionnelle, dans les locaux de la mairie de Tarascon-sur-Ari\u00e8ge.<br><br>Autour de la table :<br>\u2192 des organisations syndicales de salari\u00e9s<br>\u2192 des organisations professionnelles repr\u00e9sentatives<br>\u2192 des entreprises locales mobilis\u00e9es<br><br>Des \u00e9changes riches, des questionnements concrets, et surtout une volont\u00e9 commune d\u2019agir sur un sujet toujours aussi essentiel pour la sant\u00e9 au travail et la qualit\u00e9 de vie professionnelle.<br><br>Un grand merci \u00e0 tous les participants pour leur implication et leur contribution active \u00e0 cette premi\u00e8re rencontre !<br><br><strong>Prochain rendez-vous :<\/strong><br><strong>Date et Heure : <\/strong>26 juin \u00e0 8h30<br><strong>Lieu :<\/strong> Maison des associations, 09100 Pamiers<br><strong>Inscription :<\/strong> <a href=\"https:\/\/lnkd.in\/eyejGvGr\">https:\/\/lnkd.in\/eyejGvGr<\/a><br><br>Ensemble, continuons \u00e0 faire de la pr\u00e9vention un v\u00e9ritable levier d\u2019action !<\/p>\n\n\n\n<figure class=\"wp-block-image size-large\"><img loading=\"lazy\" width=\"1024\" height=\"1024\" src=\"https:\/\/cpid09.fr\/pages\/wp-content\/uploads\/images\/Design-sans-titre-1-1024x1024.png\" alt=\"\" class=\"wp-image-523\" srcset=\"https:\/\/cpid09.fr\/pages\/wp-content\/uploads\/images\/Design-sans-titre-1-1024x1024.png 1024w, https:\/\/cpid09.fr\/pages\/wp-content\/uploads\/images\/Design-sans-titre-1-300x300.png 300w, https:\/\/cpid09.fr\/pages\/wp-content\/uploads\/images\/Design-sans-titre-1-150x150.png 150w, https:\/\/cpid09.fr\/pages\/wp-content\/uploads\/images\/Design-sans-titre-1-54x54.png 54w, https:\/\/cpid09.fr\/pages\/wp-content\/uploads\/images\/Design-sans-titre-1.png 1200w\" sizes=\"(max-width: 1024px) 100vw, 1024px\" \/><\/figure>\n","protected":false},"excerpt":{"rendered":"<p>&#8220;La pr\u00e9vention, \u00e7a ne s\u2019improvise pas !&#8221; C\u2019est autour de cette conviction partag\u00e9e que s\u2019est tenu le 1er atelier de sensibilisation \u00e0 la pr\u00e9vention de la d\u00e9sinsertion et de l\u2019usure professionnelle, dans les locaux de la mairie de Tarascon-sur-Ari\u00e8ge. Autour de la table :\u2192 des organisations syndicales de salari\u00e9s\u2192 des organisations professionnelles repr\u00e9sentatives\u2192 des entreprises [&hellip;]<\/p>\n","protected":false},"author":4,"featured_media":522,"comment_status":"closed","ping_status":"open","sticky":false,"template":"","format":"standard","meta":[],"categories":[1],"tags":[],"yoast_head":"<!-- This site is optimized with the Yoast SEO plugin v16.4 - https:\/\/yoast.com\/wordpress\/plugins\/seo\/ -->\n<title>Premier atelier de sensibilisation 12 juin 2025 - CPID 09<\/title>\n<meta name=\"robots\" content=\"index, follow, max-snippet:-1, max-image-preview:large, max-video-preview:-1\" \/>\n<link rel=\"canonical\" href=\"https:\/\/cpid09.fr\/pages\/index.php\/2025\/07\/07\/521\/\" \/>\n<meta property=\"og:locale\" content=\"fr_FR\" \/>\n<meta property=\"og:type\" content=\"article\" \/>\n<meta property=\"og:title\" content=\"Premier atelier de sensibilisation 12 juin 2025 - CPID 09\" \/>\n<meta property=\"og:description\" content=\"&#8220;La pr\u00e9vention, \u00e7a ne s\u2019improvise pas !&#8221; C\u2019est autour de cette conviction partag\u00e9e que s\u2019est tenu le 1er atelier de sensibilisation \u00e0 la pr\u00e9vention de la d\u00e9sinsertion et de l\u2019usure professionnelle, dans les locaux de la mairie de Tarascon-sur-Ari\u00e8ge. Autour de la table :\u2192 des organisations syndicales de salari\u00e9s\u2192 des organisations professionnelles repr\u00e9sentatives\u2192 des entreprises [&hellip;]\" \/>\n<meta property=\"og:url\" content=\"https:\/\/cpid09.fr\/pages\/index.php\/2025\/07\/07\/521\/\" \/>\n<meta property=\"og:site_name\" content=\"CPID 09\" \/>\n<meta property=\"article:published_time\" content=\"2025-07-07T09:42:22+00:00\" \/>\n<meta property=\"article:modified_time\" content=\"2025-07-07T09:42:39+00:00\" \/>\n<meta name=\"twitter:card\" content=\"summary\" \/>\n<meta name=\"twitter:image\" content=\"https:\/\/cpid09.fr\/pages\/wp-content\/uploads\/images\/Design-sans-titre.png\" \/>\n<meta name=\"twitter:label1\" content=\"Dur\u00e9e de lecture est.\" \/>\n\t<meta name=\"twitter:data1\" content=\"1 minute\" \/>\n<script type=\"application\/ld+json\" class=\"yoast-schema-graph\">{\"@context\":\"https:\/\/schema.org\",\"@graph\":[{\"@type\":\"WebSite\",\"@id\":\"https:\/\/cpid09.fr\/pages\/#website\",\"url\":\"https:\/\/cpid09.fr\/pages\/\",\"name\":\"CPID 09\",\"description\":\"Ari\\u00e8ge - Pyr\\u00e9n\\u00e9es\",\"potentialAction\":[{\"@type\":\"SearchAction\",\"target\":\"https:\/\/cpid09.fr\/pages\/?s={search_term_string}\",\"query-input\":\"required name=search_term_string\"}],\"inLanguage\":\"fr-FR\"},{\"@type\":\"ImageObject\",\"@id\":\"https:\/\/cpid09.fr\/pages\/index.php\/2025\/07\/07\/521\/#primaryimage\",\"inLanguage\":\"fr-FR\",\"url\":\"https:\/\/cpid09.fr\/pages\/wp-content\/uploads\/images\/Design-sans-titre.png\",\"contentUrl\":\"https:\/\/cpid09.fr\/pages\/wp-content\/uploads\/images\/Design-sans-titre.png\",\"width\":1200,\"height\":1200},{\"@type\":\"WebPage\",\"@id\":\"https:\/\/cpid09.fr\/pages\/index.php\/2025\/07\/07\/521\/#webpage\",\"url\":\"https:\/\/cpid09.fr\/pages\/index.php\/2025\/07\/07\/521\/\",\"name\":\"Premier atelier de sensibilisation 12 juin 2025 - CPID 09\",\"isPartOf\":{\"@id\":\"https:\/\/cpid09.fr\/pages\/#website\"},\"primaryImageOfPage\":{\"@id\":\"https:\/\/cpid09.fr\/pages\/index.php\/2025\/07\/07\/521\/#primaryimage\"},\"datePublished\":\"2025-07-07T09:42:22+00:00\",\"dateModified\":\"2025-07-07T09:42:39+00:00\",\"author\":{\"@id\":\"https:\/\/cpid09.fr\/pages\/#\/schema\/person\/a8354d1f1bbb8e5fc276c1a0ca0ca57d\"},\"breadcrumb\":{\"@id\":\"https:\/\/cpid09.fr\/pages\/index.php\/2025\/07\/07\/521\/#breadcrumb\"},\"inLanguage\":\"fr-FR\",\"potentialAction\":[{\"@type\":\"ReadAction\",\"target\":[\"https:\/\/cpid09.fr\/pages\/index.php\/2025\/07\/07\/521\/\"]}]},{\"@type\":\"BreadcrumbList\",\"@id\":\"https:\/\/cpid09.fr\/pages\/index.php\/2025\/07\/07\/521\/#breadcrumb\",\"itemListElement\":[{\"@type\":\"ListItem\",\"position\":1,\"item\":{\"@type\":\"WebPage\",\"@id\":\"https:\/\/cpid09.fr\/pages\/\",\"url\":\"https:\/\/cpid09.fr\/pages\/\",\"name\":\"Accueil\"}},{\"@type\":\"ListItem\",\"position\":2,\"item\":{\"@id\":\"https:\/\/cpid09.fr\/pages\/index.php\/2025\/07\/07\/521\/#webpage\"}}]},{\"@type\":\"Person\",\"@id\":\"https:\/\/cpid09.fr\/pages\/#\/schema\/person\/a8354d1f1bbb8e5fc276c1a0ca0ca57d\",\"name\":\"R\\u00e9dacteur CPID\",\"sameAs\":[\"https:\/\/www.linkedin.com\/company\/cpid-09\"],\"url\":\"https:\/\/cpid09.fr\/pages\/index.php\/author\/redacteur\/\"}]}<\/script>\n<!-- \/ Yoast SEO plugin. -->","_links":{"self":[{"href":"https:\/\/cpid09.fr\/pages\/index.php\/wp-json\/wp\/v2\/posts\/521"}],"collection":[{"href":"https:\/\/cpid09.fr\/pages\/index.php\/wp-json\/wp\/v2\/posts"}],"about":[{"href":"https:\/\/cpid09.fr\/pages\/index.php\/wp-json\/wp\/v2\/types\/post"}],"author":[{"embeddable":true,"href":"https:\/\/cpid09.fr\/pages\/index.php\/wp-json\/wp\/v2\/users\/4"}],"replies":[{"embeddable":true,"href":"https:\/\/cpid09.fr\/pages\/index.php\/wp-json\/wp\/v2\/comments?post=521"}],"version-history":[{"count":2,"href":"https:\/\/cpid09.fr\/pages\/index.php\/wp-json\/wp\/v2\/posts\/521\/revisions"}],"predecessor-version":[{"id":525,"href":"https:\/\/cpid09.fr\/pages\/index.php\/wp-json\/wp\/v2\/posts\/521\/revisions\/525"}],"wp:featuredmedia":[{"embeddable":true,"href":"https:\/\/cpid09.fr\/pages\/index.php\/wp-json\/wp\/v2\/media\/522"}],"wp:attachment":[{"href":"https:\/\/cpid09.fr\/pages\/index.php\/wp-json\/wp\/v2\/media?parent=521"}],"wp:term":[{"taxonomy":"category","embeddable":true,"href":"https:\/\/cpid09.fr\/pages\/index.php\/wp-json\/wp\/v2\/categories?post=521"},{"taxonomy":"post_tag","embeddable":true,"href":"https:\/\/cpid09.fr\/pages\/index.php\/wp-json\/wp\/v2\/tags?post=521"}],"curies":[{"name":"wp","href":"https:\/\/api.w.org\/{rel}","templated":true}]}}