{"id":505,"date":"2025-06-19T16:05:05","date_gmt":"2025-06-19T14:05:05","guid":{"rendered":"https:\/\/cpid09.fr\/pages\/?p=505"},"modified":"2025-07-07T11:38:47","modified_gmt":"2025-07-07T09:38:47","slug":"ateliers-de-sensibilisation","status":"publish","type":"post","link":"https:\/\/cpid09.fr\/pages\/index.php\/2025\/06\/19\/ateliers-de-sensibilisation\/","title":{"rendered":"Ateliers de sensibilisation : Pr\u00e9vention \u00e0 la d\u00e9sinsertion et \u00e0 l&#8217;usure professionnel"},"content":{"rendered":"\n<p>Rejoignez- nous pour l&#8217;un des 4 ateliers de sensibilisation d\u00e9di\u00e9 \u00e0 la <strong>pr\u00e9vention de la d\u00e9sinsertion et de l&#8217;usure professionnelle<\/strong>.<br>Cet \u00e9v\u00e8nement est l&#8217;occasion d&#8217;\u00e9changer avec des experts et d&#8217;obtenir des informations concr\u00e8tes pour anticiper les difficult\u00e9s li\u00e9es \u00e0 la sant\u00e9 au travail.<\/p>\n\n\n\n<p><strong>Date :<\/strong>\u00a012 juin 2025<br><strong>Horaire :<\/strong>\u00a08h30 \u2013 10h30<br><strong>Lieu :<\/strong>\u00a0Salle du Conseil de la Mairie, 3 impasse de la Poste, 09400\u00a0<strong>Tarascon-sur-Ari\u00e8ge<\/strong><\/p>\n\n\n\n<p><strong>Date :<\/strong>\u00a026 juin 2025<br><strong>Horaire :<\/strong>\u00a08h30 \u2013 10h30<br><strong>Lieu :<\/strong>\u00a0Maison des associations, 7bis rue Saint Vincent, 09100<strong>\u00a0Pamiers<\/strong><\/p>\n\n\n\n<p><strong>Date :<\/strong>\u00a07 octobre 2025<br><strong>Horaire :<\/strong>\u00a08h30 \u2013 10h30<br><strong>Lieu :<\/strong>\u00a0Salon d&#8217;honneur, Mairie de Saint-Girons, Pl. Jean Ibanes, 09200<strong>\u00a0Saint-Girons<\/strong><\/p>\n\n\n\n<p><strong>Date :<\/strong>\u00a016 octobre 2025<br><strong>Horaire :<\/strong>\u00a08h30 \u2013 10h30<br><strong>Lieu :<\/strong>\u00a0Salle Communaut\u00e9 de Communes du Pays d&#8217;Olmes. 1 chemin de la Coume. 09300<strong>\u00a0Lavelanet<\/strong><\/p>\n\n\n\n<p><strong>Inscription\u00a0<\/strong>:\u00a0<a href=\"https:\/\/forms.gle\/Zh1h3QVMSov4BaKq9\"><strong><span class=\"has-inline-color has-vivid-cyan-blue-color\">https:\/\/forms.gle\/Zh1h3QVMSov4BaKq9<\/span><\/strong><\/a><\/p>\n\n\n\n<p><strong>Pour qui ?<\/strong>\u00a0Cet atelier s\u2019adresse aux employeurs, DRH, managers, cabinets comptables et responsables pr\u00e9vention souhaitant agir efficacement contre la d\u00e9sinsertion et l&#8217;usure professionnelle.<\/p>\n\n\n\n<p><strong>Au programme :<\/strong><\/p>\n\n\n\n<p>\u2022 Identifier les signes pr\u00e9curseurs de d\u00e9sinsertion et d\u2019usure professionnelle<br>\u2022 Mettre en place des actions de pr\u00e9vention<br>\u2022 B\u00e9n\u00e9ficier d\u2019accompagnements et d\u2019aides<\/p>\n\n\n\n<p><strong>Inscription gratuite, mais places limit\u00e9es !<\/strong><\/p>\n\n\n\n<div class=\"wp-block-image\"><figure class=\"aligncenter size-large is-resized\"><img loading=\"lazy\" src=\"https:\/\/cpid09.fr\/pages\/wp-content\/uploads\/images\/ATELIER-DE-SENSIBILISATION-1-724x1024.png\" alt=\"\" class=\"wp-image-506\" width=\"839\" height=\"1187\"\/><\/figure><\/div>\n","protected":false},"excerpt":{"rendered":"<p>Rejoignez- nous pour l&#8217;un des 4 ateliers de sensibilisation d\u00e9di\u00e9 \u00e0 la pr\u00e9vention de la d\u00e9sinsertion et de l&#8217;usure professionnelle.Cet \u00e9v\u00e8nement est l&#8217;occasion d&#8217;\u00e9changer avec des experts et d&#8217;obtenir des informations concr\u00e8tes pour anticiper les difficult\u00e9s li\u00e9es \u00e0 la sant\u00e9 au travail. Date :\u00a012 juin 2025Horaire :\u00a08h30 \u2013 10h30Lieu :\u00a0Salle du Conseil de la Mairie, [&hellip;]<\/p>\n","protected":false},"author":4,"featured_media":506,"comment_status":"closed","ping_status":"open","sticky":false,"template":"","format":"standard","meta":[],"categories":[1,7],"tags":[],"yoast_head":"<!-- This site is optimized with the Yoast SEO plugin v16.4 - https:\/\/yoast.com\/wordpress\/plugins\/seo\/ -->\n<title>Ateliers de sensibilisation - CPID 09<\/title>\n<meta name=\"robots\" content=\"index, follow, max-snippet:-1, max-image-preview:large, max-video-preview:-1\" \/>\n<link rel=\"canonical\" href=\"https:\/\/cpid09.fr\/pages\/index.php\/2025\/06\/19\/ateliers-de-sensibilisation\/\" \/>\n<meta property=\"og:locale\" content=\"fr_FR\" \/>\n<meta property=\"og:type\" content=\"article\" \/>\n<meta property=\"og:title\" content=\"Ateliers de sensibilisation - CPID 09\" \/>\n<meta property=\"og:description\" content=\"Rejoignez- nous pour l&#8217;un des 4 ateliers de sensibilisation d\u00e9di\u00e9 \u00e0 la pr\u00e9vention de la d\u00e9sinsertion et de l&#8217;usure professionnelle.Cet \u00e9v\u00e8nement est l&#8217;occasion d&#8217;\u00e9changer avec des experts et d&#8217;obtenir des informations concr\u00e8tes pour anticiper les difficult\u00e9s li\u00e9es \u00e0 la sant\u00e9 au travail. Date :\u00a012 juin 2025Horaire :\u00a08h30 \u2013 10h30Lieu :\u00a0Salle du Conseil de la Mairie, [&hellip;]\" \/>\n<meta property=\"og:url\" content=\"https:\/\/cpid09.fr\/pages\/index.php\/2025\/06\/19\/ateliers-de-sensibilisation\/\" \/>\n<meta property=\"og:site_name\" content=\"CPID 09\" \/>\n<meta property=\"article:published_time\" content=\"2025-06-19T14:05:05+00:00\" \/>\n<meta property=\"article:modified_time\" content=\"2025-07-07T09:38:47+00:00\" \/>\n<meta property=\"og:image\" content=\"http:\/\/cpid09.fr\/pages\/wp-content\/uploads\/images\/ATELIER-DE-SENSIBILISATION-1-e1751881059829.png\" \/>\n\t<meta property=\"og:image:width\" content=\"1587\" \/>\n\t<meta property=\"og:image:height\" content=\"415\" \/>\n<meta name=\"twitter:card\" content=\"summary\" \/>\n<meta name=\"twitter:label1\" content=\"Dur\u00e9e de lecture est.\" \/>\n\t<meta name=\"twitter:data1\" content=\"1 minute\" \/>\n<script type=\"application\/ld+json\" class=\"yoast-schema-graph\">{\"@context\":\"https:\/\/schema.org\",\"@graph\":[{\"@type\":\"WebSite\",\"@id\":\"https:\/\/cpid09.fr\/pages\/#website\",\"url\":\"https:\/\/cpid09.fr\/pages\/\",\"name\":\"CPID 09\",\"description\":\"Ari\\u00e8ge - Pyr\\u00e9n\\u00e9es\",\"potentialAction\":[{\"@type\":\"SearchAction\",\"target\":\"https:\/\/cpid09.fr\/pages\/?s={search_term_string}\",\"query-input\":\"required name=search_term_string\"}],\"inLanguage\":\"fr-FR\"},{\"@type\":\"ImageObject\",\"@id\":\"https:\/\/cpid09.fr\/pages\/index.php\/2025\/06\/19\/ateliers-de-sensibilisation\/#primaryimage\",\"inLanguage\":\"fr-FR\",\"url\":\"https:\/\/cpid09.fr\/pages\/wp-content\/uploads\/images\/ATELIER-DE-SENSIBILISATION-1-e1751881059829.png\",\"contentUrl\":\"https:\/\/cpid09.fr\/pages\/wp-content\/uploads\/images\/ATELIER-DE-SENSIBILISATION-1-e1751881059829.png\",\"width\":1587,\"height\":415},{\"@type\":\"WebPage\",\"@id\":\"https:\/\/cpid09.fr\/pages\/index.php\/2025\/06\/19\/ateliers-de-sensibilisation\/#webpage\",\"url\":\"https:\/\/cpid09.fr\/pages\/index.php\/2025\/06\/19\/ateliers-de-sensibilisation\/\",\"name\":\"Ateliers de sensibilisation - CPID 09\",\"isPartOf\":{\"@id\":\"https:\/\/cpid09.fr\/pages\/#website\"},\"primaryImageOfPage\":{\"@id\":\"https:\/\/cpid09.fr\/pages\/index.php\/2025\/06\/19\/ateliers-de-sensibilisation\/#primaryimage\"},\"datePublished\":\"2025-06-19T14:05:05+00:00\",\"dateModified\":\"2025-07-07T09:38:47+00:00\",\"author\":{\"@id\":\"https:\/\/cpid09.fr\/pages\/#\/schema\/person\/a8354d1f1bbb8e5fc276c1a0ca0ca57d\"},\"breadcrumb\":{\"@id\":\"https:\/\/cpid09.fr\/pages\/index.php\/2025\/06\/19\/ateliers-de-sensibilisation\/#breadcrumb\"},\"inLanguage\":\"fr-FR\",\"potentialAction\":[{\"@type\":\"ReadAction\",\"target\":[\"https:\/\/cpid09.fr\/pages\/index.php\/2025\/06\/19\/ateliers-de-sensibilisation\/\"]}]},{\"@type\":\"BreadcrumbList\",\"@id\":\"https:\/\/cpid09.fr\/pages\/index.php\/2025\/06\/19\/ateliers-de-sensibilisation\/#breadcrumb\",\"itemListElement\":[{\"@type\":\"ListItem\",\"position\":1,\"item\":{\"@type\":\"WebPage\",\"@id\":\"https:\/\/cpid09.fr\/pages\/\",\"url\":\"https:\/\/cpid09.fr\/pages\/\",\"name\":\"Accueil\"}},{\"@type\":\"ListItem\",\"position\":2,\"item\":{\"@id\":\"https:\/\/cpid09.fr\/pages\/index.php\/2025\/06\/19\/ateliers-de-sensibilisation\/#webpage\"}}]},{\"@type\":\"Person\",\"@id\":\"https:\/\/cpid09.fr\/pages\/#\/schema\/person\/a8354d1f1bbb8e5fc276c1a0ca0ca57d\",\"name\":\"R\\u00e9dacteur CPID\",\"sameAs\":[\"https:\/\/www.linkedin.com\/company\/cpid-09\"],\"url\":\"https:\/\/cpid09.fr\/pages\/index.php\/author\/redacteur\/\"}]}<\/script>\n<!-- \/ Yoast SEO plugin. -->","_links":{"self":[{"href":"https:\/\/cpid09.fr\/pages\/index.php\/wp-json\/wp\/v2\/posts\/505"}],"collection":[{"href":"https:\/\/cpid09.fr\/pages\/index.php\/wp-json\/wp\/v2\/posts"}],"about":[{"href":"https:\/\/cpid09.fr\/pages\/index.php\/wp-json\/wp\/v2\/types\/post"}],"author":[{"embeddable":true,"href":"https:\/\/cpid09.fr\/pages\/index.php\/wp-json\/wp\/v2\/users\/4"}],"replies":[{"embeddable":true,"href":"https:\/\/cpid09.fr\/pages\/index.php\/wp-json\/wp\/v2\/comments?post=505"}],"version-history":[{"count":5,"href":"https:\/\/cpid09.fr\/pages\/index.php\/wp-json\/wp\/v2\/posts\/505\/revisions"}],"predecessor-version":[{"id":520,"href":"https:\/\/cpid09.fr\/pages\/index.php\/wp-json\/wp\/v2\/posts\/505\/revisions\/520"}],"wp:featuredmedia":[{"embeddable":true,"href":"https:\/\/cpid09.fr\/pages\/index.php\/wp-json\/wp\/v2\/media\/506"}],"wp:attachment":[{"href":"https:\/\/cpid09.fr\/pages\/index.php\/wp-json\/wp\/v2\/media?parent=505"}],"wp:term":[{"taxonomy":"category","embeddable":true,"href":"https:\/\/cpid09.fr\/pages\/index.php\/wp-json\/wp\/v2\/categories?post=505"},{"taxonomy":"post_tag","embeddable":true,"href":"https:\/\/cpid09.fr\/pages\/index.php\/wp-json\/wp\/v2\/tags?post=505"}],"curies":[{"name":"wp","href":"https:\/\/api.w.org\/{rel}","templated":true}]}}